{"id":4130,"date":"2026-01-07T18:01:00","date_gmt":"2026-01-07T18:01:00","guid":{"rendered":"http:\/\/amba.org.br\/?p=4130"},"modified":"2026-03-27T04:46:32","modified_gmt":"2026-03-27T04:46:32","slug":"craniopuntura-de-yamamoto-ynsa-modulo-basico-2","status":"publish","type":"post","link":"https:\/\/amba.org.br\/?p=4130","title":{"rendered":"CURSO DE AURICULOACUPUNTURA"},"content":{"rendered":"<h3>22 e 23 de Agosto de 2026<\/h3>\n<h3>S\u00e3o Paulo &#8211; SP<\/h3>\n<h3>Presencial<\/h3>\n<h2>Dra. Hiaeno Hirata Ayabe (SP)<\/h2>\n<p>ABORDAGEM DO CURSO:<\/p>\n<p>Propiciar aos participantes, conhecimento da t\u00e9cnica de aur\u00edculo acupuntura da MTC e capacitar para a pr\u00e1tica di\u00e1ria no consult\u00f3rio, como complemento \u00e0 Acupuntura.<\/p>\n<p>CONTE\u00daDO:<\/p>\n<div class=\"x_elementToProof\">01. Revis\u00e3o &#8211; Anatomia e localiza\u00e7\u00e3o dos pontos espec\u00edficos com pr\u00e1tica em material especial.<\/div>\n<div>\u00a0<\/div>\n<div>02. Diagn\u00f3stico Auricular &#8211; Bases fisiopatol\u00f3gicas e m\u00e9todos para o diagn\u00f3stico de altera\u00e7\u00f5es no pavilh\u00e3o auricular e diversas patologias.<\/div>\n<div>\u00a0<\/div>\n<div class=\"x_elementToProof\">03. Tratamento atrav\u00e9s da Auriculoacupuntura &#8211; Demonstra\u00e7\u00e3o de materiais e m\u00e9todos usados no tratamento de dores musculoesquel\u00e9ticos, obesidade, neurastenias e transtornos ps\u00edquicos.<\/div>\n<p><strong>P\u00fablico:<\/strong> Restrito \u00e0 classe m\u00e9dica<\/p>\n<p><strong>Investimento:<\/strong><br \/>&#8211; R$ 2.085,00<\/p>\n<p><strong>Informa\u00e7\u00f5es:<\/strong> Fone: (11) 5572.1666 &#8211; (11) 94329.2292 &#8211; <a href=\"mailto:cursos@amba.org.br\">cursos@amba.org.br<\/a><\/p>\n<p>Ao efetuar o pagamento, voc\u00ea declara ter lido e concordado com a <strong><a href=\"https:\/\/amba.org.br\/?p=5046\" target=\"_blank\" rel=\"noopener\">Pol\u00edtica de Cancelamento e Restitui\u00e7\u00e3o de Cursos<\/a><\/strong>.<\/p>\n<p><a href=\"https:\/\/www.vhsys.net\/ambacupuntura\/produto\/curso_de_auriculoacupuntura_agosto_de_2026_-_medicos\/\" target=\"_blank\" rel=\"noopener noreferrer\"><img loading=\"lazy\" decoding=\"async\" class=\"alignnone wp-image-4108 size-full\" src=\"https:\/\/amba.org.br\/wp-content\/uploads\/2022\/03\/bt-inscreva-se.png\" alt=\"\" width=\"296\" height=\"55\" srcset=\"https:\/\/amba.org.br\/wp-content\/uploads\/2022\/03\/bt-inscreva-se.png 296w, https:\/\/amba.org.br\/wp-content\/uploads\/2022\/03\/bt-inscreva-se-260x48.png 260w, https:\/\/amba.org.br\/wp-content\/uploads\/2022\/03\/bt-inscreva-se-50x9.png 50w, https:\/\/amba.org.br\/wp-content\/uploads\/2022\/03\/bt-inscreva-se-150x28.png 150w\" sizes=\"(max-width: 296px) 100vw, 296px\" \/><\/a><\/p>\n\n\n<p><\/p>\n","protected":false},"excerpt":{"rendered":"<p>22 e 23 de Agosto de 2026 S\u00e3o Paulo &#8211; SP Presencial Dra. Hiaeno Hirata Ayabe (SP) ABORDAGEM DO CURSO: Propiciar aos participantes, conhecimento da t\u00e9cnica<span class=\"excerpt-hellip\"> [\u2026]<\/span><\/p>\n","protected":false},"author":2,"featured_media":4990,"comment_status":"open","ping_status":"open","sticky":false,"template":"","format":"standard","meta":{"footnotes":"","_links_to":"","_links_to_target":""},"categories":[46],"tags":[],"_links":{"self":[{"href":"https:\/\/amba.org.br\/index.php?rest_route=\/wp\/v2\/posts\/4130"}],"collection":[{"href":"https:\/\/amba.org.br\/index.php?rest_route=\/wp\/v2\/posts"}],"about":[{"href":"https:\/\/amba.org.br\/index.php?rest_route=\/wp\/v2\/types\/post"}],"author":[{"embeddable":true,"href":"https:\/\/amba.org.br\/index.php?rest_route=\/wp\/v2\/users\/2"}],"replies":[{"embeddable":true,"href":"https:\/\/amba.org.br\/index.php?rest_route=%2Fwp%2Fv2%2Fcomments&post=4130"}],"version-history":[{"count":22,"href":"https:\/\/amba.org.br\/index.php?rest_route=\/wp\/v2\/posts\/4130\/revisions"}],"predecessor-version":[{"id":5060,"href":"https:\/\/amba.org.br\/index.php?rest_route=\/wp\/v2\/posts\/4130\/revisions\/5060"}],"wp:featuredmedia":[{"embeddable":true,"href":"https:\/\/amba.org.br\/index.php?rest_route=\/wp\/v2\/media\/4990"}],"wp:attachment":[{"href":"https:\/\/amba.org.br\/index.php?rest_route=%2Fwp%2Fv2%2Fmedia&parent=4130"}],"wp:term":[{"taxonomy":"category","embeddable":true,"href":"https:\/\/amba.org.br\/index.php?rest_route=%2Fwp%2Fv2%2Fcategories&post=4130"},{"taxonomy":"post_tag","embeddable":true,"href":"https:\/\/amba.org.br\/index.php?rest_route=%2Fwp%2Fv2%2Ftags&post=4130"}],"curies":[{"name":"wp","href":"https:\/\/api.w.org\/{rel}","templated":true}]}}